



{"id":1267,"date":"2011-08-04T04:13:44","date_gmt":"2011-08-04T04:13:44","guid":{"rendered":"http:\/\/www.engenhariacivil.com\/dicionario\/cor-de-um-objecto"},"modified":"2011-08-04T04:13:44","modified_gmt":"2011-08-04T04:13:44","slug":"cor-de-um-objecto","status":"publish","type":"post","link":"https:\/\/www.engenhariacivil.com\/dicionario\/cor-de-um-objecto","title":{"rendered":"Cor de um Objecto"},"content":{"rendered":"<p>Aspecto do objecto dependente da composi\u00e7\u00e3o espectral da luz incidente, da reflect\u00e2ncia ou transmit\u00e2ncia espectral do objecto e da resposta espectral do observador.<\/p>\n","protected":false},"excerpt":{"rendered":"<p>Aspecto do objecto dependente da composi\u00e7\u00e3o espectral da luz incidente, da reflect\u00e2ncia ou transmit\u00e2ncia espectral do objecto e da resposta espectral do observador.<\/p>\n","protected":false},"author":1,"featured_media":0,"comment_status":"open","ping_status":"open","sticky":false,"template":"","format":"standard","meta":{"footnotes":""},"categories":[5],"tags":[1118],"class_list":["post-1267","post","type-post","status-publish","format-standard","hentry","category-c","tag-composicao-espectral-da-luz"],"_links":{"self":[{"href":"https:\/\/www.engenhariacivil.com\/dicionario\/wp-json\/wp\/v2\/posts\/1267","targetHints":{"allow":["GET"]}}],"collection":[{"href":"https:\/\/www.engenhariacivil.com\/dicionario\/wp-json\/wp\/v2\/posts"}],"about":[{"href":"https:\/\/www.engenhariacivil.com\/dicionario\/wp-json\/wp\/v2\/types\/post"}],"author":[{"embeddable":true,"href":"https:\/\/www.engenhariacivil.com\/dicionario\/wp-json\/wp\/v2\/users\/1"}],"replies":[{"embeddable":true,"href":"https:\/\/www.engenhariacivil.com\/dicionario\/wp-json\/wp\/v2\/comments?post=1267"}],"version-history":[{"count":0,"href":"https:\/\/www.engenhariacivil.com\/dicionario\/wp-json\/wp\/v2\/posts\/1267\/revisions"}],"wp:attachment":[{"href":"https:\/\/www.engenhariacivil.com\/dicionario\/wp-json\/wp\/v2\/media?parent=1267"}],"wp:term":[{"taxonomy":"category","embeddable":true,"href":"https:\/\/www.engenhariacivil.com\/dicionario\/wp-json\/wp\/v2\/categories?post=1267"},{"taxonomy":"post_tag","embeddable":true,"href":"https:\/\/www.engenhariacivil.com\/dicionario\/wp-json\/wp\/v2\/tags?post=1267"}],"curies":[{"name":"wp","href":"https:\/\/api.w.org\/{rel}","templated":true}]}}