



{"id":1577,"date":"2011-12-15T14:59:13","date_gmt":"2011-12-15T14:59:13","guid":{"rendered":"http:\/\/www.engenhariacivil.com\/emprego\/?p=1577"},"modified":"2011-12-15T14:59:51","modified_gmt":"2011-12-15T14:59:51","slug":"desenhador-projectista-preparador-de-obra","status":"publish","type":"post","link":"https:\/\/www.engenhariacivil.com\/emprego\/desenhador-projectista-preparador-de-obra","title":{"rendered":"Desenhador Projectista \/ Preparador de obra"},"content":{"rendered":"<p><a href=\"http:\/\/www.engenhariacivil.com\/emprego\/desenhador-projectista-preparador-de-obra\/foto-nuno-fernandes\" rel=\"attachment wp-att-1578\"><img loading=\"lazy\" decoding=\"async\" class=\"size-full wp-image-1578 alignright\" title=\"foto-nuno-fernandes\" src=\"http:\/\/www.engenhariacivil.com\/emprego\/wp-content\/uploads\/foto-nuno-fernandes.jpg\" alt=\"\" width=\"174\" height=\"245\" srcset=\"https:\/\/www.engenhariacivil.com\/emprego\/wp-content\/uploads\/foto-nuno-fernandes.jpg 328w, https:\/\/www.engenhariacivil.com\/emprego\/wp-content\/uploads\/foto-nuno-fernandes-213x300.jpg 213w\" sizes=\"auto, (max-width: 174px) 100vw, 174px\" \/><\/a><\/p>\n<p>Venho por este meio, apresentar a V.\u00aas Ex.\u00aas as minhas qualifica\u00e7\u00f5es e experi\u00eancia profissional, bem como a minha disponibilidade para trabalhar nos mercados Angolano, Mo\u00e7ambicano ou Brasileiro.<\/p>\n<p>At\u00e9 \u00e0 data, desenvolvi experi\u00eancia e v\u00e1rias compet\u00eancias que podem ser muito \u00fateis para um bom desempenho enquanto desenhador\/Preparador de Obra:<\/p>\n<p>\u25aa \u00a0 \u00a0 \u00a0 \u00a0Possuo experi\u00eancia no sector da Constru\u00e7\u00e3o Civil e Obras Publicas, sobretudo como coordenador projectista e acompanhamento de obra no gabinete de projectos do Munic\u00edpio de Pombal, estando envolvido nos \u00faltimos anos em projectos da rede escolar e infra-estruturas desportivas do Concelho.<br \/>\n\u25aa \u00a0 \u00a0 \u00a0 \u00a0Possuo cerca de 2 anos de experi\u00eancia comercial na prospec\u00e7\u00e3o e negocia\u00e7\u00e3o de trabalhos de geotecnia com empresas de constru\u00e7\u00e3o civil.<br \/>\n\u25aa \u00a0 \u00a0 \u00a0 \u00a0Possuo frequ\u00eancia universit\u00e1ria em Arquitectura (5\u00ba ano com matricula congelada).<br \/>\n\u25aa \u00a0 \u00a0 \u00a0 \u00a0Possuo assim, experi\u00eancia no cumprimento de prazos e na prossecu\u00e7\u00e3o de objectivos;<\/p>\n<p>Simultaneamente, julgo possuir caracter\u00edsticas pessoais adequadas a um desempenho de bom n\u00edvel, nomeadamente:<br \/>\n\u25aa \u00a0 \u00a0 \u00a0 \u00a0Possuo esp\u00edrito anal\u00edtico e sou uma pessoa persistente;<br \/>\n\u25aa \u00a0 \u00a0 \u00a0 \u00a0Sou bastante adapt\u00e1vel a diferentes tipos de pessoas e contextos;<br \/>\n\u25aa \u00a0 \u00a0 \u00a0 \u00a0Sou uma pessoa simp\u00e1tica, id\u00f3nea e respons\u00e1vel<\/p>\n<p>Deste modo, gostaria que V.\u00aa Ex.\u00aa considere um encontro pessoal para podermos explorar as possibilidades da minha candidatura, pelo que estou dispon\u00edvel atrav\u00e9s do telefone: 914 913 797 ou email: <a href=\"mailto:nuno_cabral@me.com\">nuno_cabral@me.com<\/a><\/p>\n","protected":false},"excerpt":{"rendered":"<p>Venho por este meio, apresentar a V.\u00aas Ex.\u00aas as minhas qualifica\u00e7\u00f5es e experi\u00eancia profissional, bem como a minha disponibilidade para trabalhar nos mercados Angolano, Mo\u00e7ambicano ou Brasileiro. At\u00e9 \u00e0 data, desenvolvi experi\u00eancia e v\u00e1rias compet\u00eancias que podem ser muito \u00fateis para um bom desempenho enquanto desenhador\/Preparador de Obra: \u25aa \u00a0 \u00a0 \u00a0 \u00a0Possuo experi\u00eancia no [&hellip;]<\/p>\n","protected":false},"author":1,"featured_media":1578,"comment_status":"open","ping_status":"open","sticky":false,"template":"","format":"standard","meta":{"footnotes":""},"categories":[5],"tags":[989,991,993,992,990],"class_list":["post-1577","post","type-post","status-publish","format-standard","has-post-thumbnail","hentry","category-procura","tag-desenhador-projectista","tag-mercado-angolano","tag-mercado-brasileiro","tag-mercado-mocambicano","tag-preparador-de-obra"],"_links":{"self":[{"href":"https:\/\/www.engenhariacivil.com\/emprego\/wp-json\/wp\/v2\/posts\/1577","targetHints":{"allow":["GET"]}}],"collection":[{"href":"https:\/\/www.engenhariacivil.com\/emprego\/wp-json\/wp\/v2\/posts"}],"about":[{"href":"https:\/\/www.engenhariacivil.com\/emprego\/wp-json\/wp\/v2\/types\/post"}],"author":[{"embeddable":true,"href":"https:\/\/www.engenhariacivil.com\/emprego\/wp-json\/wp\/v2\/users\/1"}],"replies":[{"embeddable":true,"href":"https:\/\/www.engenhariacivil.com\/emprego\/wp-json\/wp\/v2\/comments?post=1577"}],"version-history":[{"count":4,"href":"https:\/\/www.engenhariacivil.com\/emprego\/wp-json\/wp\/v2\/posts\/1577\/revisions"}],"predecessor-version":[{"id":1582,"href":"https:\/\/www.engenhariacivil.com\/emprego\/wp-json\/wp\/v2\/posts\/1577\/revisions\/1582"}],"wp:featuredmedia":[{"embeddable":true,"href":"https:\/\/www.engenhariacivil.com\/emprego\/wp-json\/wp\/v2\/media\/1578"}],"wp:attachment":[{"href":"https:\/\/www.engenhariacivil.com\/emprego\/wp-json\/wp\/v2\/media?parent=1577"}],"wp:term":[{"taxonomy":"category","embeddable":true,"href":"https:\/\/www.engenhariacivil.com\/emprego\/wp-json\/wp\/v2\/categories?post=1577"},{"taxonomy":"post_tag","embeddable":true,"href":"https:\/\/www.engenhariacivil.com\/emprego\/wp-json\/wp\/v2\/tags?post=1577"}],"curies":[{"name":"wp","href":"https:\/\/api.w.org\/{rel}","templated":true}]}}