



{"id":1898,"date":"2012-01-24T11:30:12","date_gmt":"2012-01-24T11:30:12","guid":{"rendered":"http:\/\/www.engenhariacivil.com\/emprego\/?p=1898"},"modified":"2012-01-24T11:30:12","modified_gmt":"2012-01-24T11:30:12","slug":"tecnico-fiscal-de-obra-tecnico-de-obra","status":"publish","type":"post","link":"https:\/\/www.engenhariacivil.com\/emprego\/tecnico-fiscal-de-obra-tecnico-de-obra","title":{"rendered":"Tecnico Fiscal de Obra\/ Tecnico de Obra"},"content":{"rendered":"<p>Procuro Emprego, sou um T\u00e9cnico Fiscal de Obra com 11 anos de experi\u00eancia com disponibilidade imediata para exercer fun\u00e7\u00f5es em Portugal Continental e R. A. da Madeira.<\/p>\n<p>Experi\u00eancia principal em obras de edifica\u00e7\u00f5es novas e remodela\u00e7\u00f5es e infra-estruturas urbanas.<\/p>\n<p>Das minhas compet\u00eancias destaco:<br \/>\n&#8211; Optimiza os padr\u00f5es de qualidade, prazo e custos;<br \/>\n&#8211; Respons\u00e1vel pela implanta\u00e7\u00e3o de sistemas de informa\u00e7\u00e3o, fiscaliza\u00e7\u00e3o e controlo por forma a assessorar o Dono de Obra nas seguintes actividades:<br \/>\n&#8211; Lan\u00e7ar concursos de empreitadas\/fornecimentos;<br \/>\n&#8211; Apreciar propostas de empreiteiros;<br \/>\n&#8211; Coordenar e secretariar reuni\u00f5es promovendo a comunica\u00e7\u00e3o entre os intervenientes;<br \/>\n&#8211; Verificar a conformidade dos materiais;<br \/>\n&#8211; Assegurar a coordena\u00e7\u00e3o de seguran\u00e7a;<br \/>\n&#8211; Assegurar que as altera\u00e7\u00f5es ao projecto estejam documentadas;<br \/>\n&#8211; Controlar o planeamento de obra;<br \/>\n&#8211; Executar medi\u00e7\u00f5es e estimativas;<br \/>\n&#8211; Controlar a factura\u00e7\u00e3o emitida;<br \/>\n&#8211; Elaborar relat\u00f3rios peri\u00f3dicos que evidenciem o andamento dos trabalhos;<br \/>\n&#8211; Providenciar vistorias oficiais;<br \/>\n&#8211; Participar no fecho de contas e na recep\u00e7\u00e3o provis\u00f3ria e definitiva das obras.<\/p>\n<p>Estou disponivel para qualquer esclarecimento e informa\u00e7\u00e3o adicional que seja necess\u00e1ria.<\/p>\n<p>Contacto:<br \/>\nHugo Tavares<br \/>\nEmail: <a href=\"mailto:hugotavar@gmail.com\">hugotavar@gmail.com<\/a><\/p>\n","protected":false},"excerpt":{"rendered":"<p>Procuro Emprego, sou um T\u00e9cnico Fiscal de Obra com 11 anos de experi\u00eancia com disponibilidade imediata para exercer fun\u00e7\u00f5es em Portugal Continental e R. A. da Madeira. Experi\u00eancia principal em obras de edifica\u00e7\u00f5es novas e remodela\u00e7\u00f5es e infra-estruturas urbanas. Das minhas compet\u00eancias destaco: &#8211; Optimiza os padr\u00f5es de qualidade, prazo e custos; &#8211; Respons\u00e1vel pela [&hellip;]<\/p>\n","protected":false},"author":1,"featured_media":0,"comment_status":"open","ping_status":"open","sticky":false,"template":"","format":"standard","meta":{"footnotes":""},"categories":[5],"tags":[521,1188,908],"class_list":["post-1898","post","type-post","status-publish","format-standard","hentry","category-procura","tag-infra-estruturas-urbanas","tag-obras-de-edificacoes","tag-remodelacoes"],"_links":{"self":[{"href":"https:\/\/www.engenhariacivil.com\/emprego\/wp-json\/wp\/v2\/posts\/1898","targetHints":{"allow":["GET"]}}],"collection":[{"href":"https:\/\/www.engenhariacivil.com\/emprego\/wp-json\/wp\/v2\/posts"}],"about":[{"href":"https:\/\/www.engenhariacivil.com\/emprego\/wp-json\/wp\/v2\/types\/post"}],"author":[{"embeddable":true,"href":"https:\/\/www.engenhariacivil.com\/emprego\/wp-json\/wp\/v2\/users\/1"}],"replies":[{"embeddable":true,"href":"https:\/\/www.engenhariacivil.com\/emprego\/wp-json\/wp\/v2\/comments?post=1898"}],"version-history":[{"count":2,"href":"https:\/\/www.engenhariacivil.com\/emprego\/wp-json\/wp\/v2\/posts\/1898\/revisions"}],"predecessor-version":[{"id":1900,"href":"https:\/\/www.engenhariacivil.com\/emprego\/wp-json\/wp\/v2\/posts\/1898\/revisions\/1900"}],"wp:attachment":[{"href":"https:\/\/www.engenhariacivil.com\/emprego\/wp-json\/wp\/v2\/media?parent=1898"}],"wp:term":[{"taxonomy":"category","embeddable":true,"href":"https:\/\/www.engenhariacivil.com\/emprego\/wp-json\/wp\/v2\/categories?post=1898"},{"taxonomy":"post_tag","embeddable":true,"href":"https:\/\/www.engenhariacivil.com\/emprego\/wp-json\/wp\/v2\/tags?post=1898"}],"curies":[{"name":"wp","href":"https:\/\/api.w.org\/{rel}","templated":true}]}}