



{"id":2011,"date":"2012-02-02T11:19:12","date_gmt":"2012-02-02T11:19:12","guid":{"rendered":"http:\/\/www.engenhariacivil.com\/emprego\/?p=2011"},"modified":"2012-02-02T11:19:12","modified_gmt":"2012-02-02T11:19:12","slug":"engenheiro-civil-tssht","status":"publish","type":"post","link":"https:\/\/www.engenhariacivil.com\/emprego\/engenheiro-civil-tssht","title":{"rendered":"Engenheiro Civil  \/TSSHT"},"content":{"rendered":"<p><img loading=\"lazy\" decoding=\"async\" class=\" wp-image-2012 alignright\" title=\"Foto Angela Oliveira\" src=\"http:\/\/www.engenhariacivil.com\/emprego\/wp-content\/uploads\/foto-angela-oliveira.jpg\" alt=\"\" width=\"262\" height=\"196\" srcset=\"https:\/\/www.engenhariacivil.com\/emprego\/wp-content\/uploads\/foto-angela-oliveira.jpg 320w, https:\/\/www.engenhariacivil.com\/emprego\/wp-content\/uploads\/foto-angela-oliveira-300x225.jpg 300w\" sizes=\"auto, (max-width: 262px) 100vw, 262px\" \/><\/p>\n<p>Sou licenciada em Engenharia Civil, uma forma\u00e7\u00e3o acad\u00e9mica enriquecida por alguns anos de experi\u00eancia,inscrita na Ordem dos Engenheiros &#8211; Regi\u00e3o Norte , e possuo tamb\u00e9m Cap. V de Higiene e Seguran\u00e7a no Trabalho assim com Cap de Formadora.<\/p>\n<p>Possuo boa capacidade comunicativa e sou de f\u00e1cil relacionamento. Adapto-me, com facilidade a novas situa\u00e7\u00f5es e m\u00e9todos de trabalho e gosto de colaborar em equipa. Tenho muita vontade de integrar um projecto, no qual a minha forma\u00e7\u00e3o e experi\u00eancia representem uma mais-valia para a vossa Empresa.<\/p>\n<p>Procuro assim trabalho em qualquer destas \u00e1reas,e estou dispon\u00edvel para assinatura de Alvar\u00e1 de Constru\u00e7\u00e3o.<\/p>\n<p><span style=\"text-decoration: underline;\">Contacto:<\/span><br \/>\nAngela Oliveira<br \/>\nEmail: <a href=\"mailto:amoliveira@live.com.pt\">amoliveira@live.com.pt<\/a><\/p>\n","protected":false},"excerpt":{"rendered":"<p>Sou licenciada em Engenharia Civil, uma forma\u00e7\u00e3o acad\u00e9mica enriquecida por alguns anos de experi\u00eancia,inscrita na Ordem dos Engenheiros &#8211; Regi\u00e3o Norte , e possuo tamb\u00e9m Cap. V de Higiene e Seguran\u00e7a no Trabalho assim com Cap de Formadora. Possuo boa capacidade comunicativa e sou de f\u00e1cil relacionamento. Adapto-me, com facilidade a novas situa\u00e7\u00f5es e m\u00e9todos [&hellip;]<\/p>\n","protected":false},"author":1,"featured_media":2012,"comment_status":"open","ping_status":"open","sticky":false,"template":"","format":"standard","meta":{"footnotes":""},"categories":[5],"tags":[121,323,1102],"class_list":["post-2011","post","type-post","status-publish","format-standard","has-post-thumbnail","hentry","category-procura","tag-cap-v","tag-licenciada","tag-tssht"],"_links":{"self":[{"href":"https:\/\/www.engenhariacivil.com\/emprego\/wp-json\/wp\/v2\/posts\/2011","targetHints":{"allow":["GET"]}}],"collection":[{"href":"https:\/\/www.engenhariacivil.com\/emprego\/wp-json\/wp\/v2\/posts"}],"about":[{"href":"https:\/\/www.engenhariacivil.com\/emprego\/wp-json\/wp\/v2\/types\/post"}],"author":[{"embeddable":true,"href":"https:\/\/www.engenhariacivil.com\/emprego\/wp-json\/wp\/v2\/users\/1"}],"replies":[{"embeddable":true,"href":"https:\/\/www.engenhariacivil.com\/emprego\/wp-json\/wp\/v2\/comments?post=2011"}],"version-history":[{"count":2,"href":"https:\/\/www.engenhariacivil.com\/emprego\/wp-json\/wp\/v2\/posts\/2011\/revisions"}],"predecessor-version":[{"id":2014,"href":"https:\/\/www.engenhariacivil.com\/emprego\/wp-json\/wp\/v2\/posts\/2011\/revisions\/2014"}],"wp:featuredmedia":[{"embeddable":true,"href":"https:\/\/www.engenhariacivil.com\/emprego\/wp-json\/wp\/v2\/media\/2012"}],"wp:attachment":[{"href":"https:\/\/www.engenhariacivil.com\/emprego\/wp-json\/wp\/v2\/media?parent=2011"}],"wp:term":[{"taxonomy":"category","embeddable":true,"href":"https:\/\/www.engenhariacivil.com\/emprego\/wp-json\/wp\/v2\/categories?post=2011"},{"taxonomy":"post_tag","embeddable":true,"href":"https:\/\/www.engenhariacivil.com\/emprego\/wp-json\/wp\/v2\/tags?post=2011"}],"curies":[{"name":"wp","href":"https:\/\/api.w.org\/{rel}","templated":true}]}}