



{"id":2086,"date":"2012-02-10T10:37:12","date_gmt":"2012-02-10T10:37:12","guid":{"rendered":"http:\/\/www.engenhariacivil.com\/emprego\/?p=2086"},"modified":"2012-02-10T10:37:12","modified_gmt":"2012-02-10T10:37:12","slug":"fiscalizacao-de-obra","status":"publish","type":"post","link":"https:\/\/www.engenhariacivil.com\/emprego\/fiscalizacao-de-obra","title":{"rendered":"Fiscaliza\u00e7\u00e3o de Obra"},"content":{"rendered":"<p>Arquitecta inscrita na Ordem dos Arquitectos, com experi\u00eancia em fiscaliza\u00e7\u00e3o de obra. Dispon\u00edvel para a \u00e1rea da Grande Lisboa<\/p>\n<p><span style=\"text-decoration: underline;\">Contacto:<\/span><br \/>\nCatarina Ribeiro<br \/>\nEmail: <a href=\"mailto:sottomayorvieiragonzaga@gmail.com\">sottomayorvieiragonzaga@gmail.<wbr>com<\/wbr><\/a><\/p>\n","protected":false},"excerpt":{"rendered":"<p>Arquitecta inscrita na Ordem dos Arquitectos, com experi\u00eancia em fiscaliza\u00e7\u00e3o de obra. Dispon\u00edvel para a \u00e1rea da Grande Lisboa Contacto: Catarina Ribeiro Email: sottomayorvieiragonzaga@gmail.com<\/p>\n","protected":false},"author":1,"featured_media":0,"comment_status":"open","ping_status":"open","sticky":false,"template":"","format":"standard","meta":{"footnotes":""},"categories":[5],"tags":[205,519,624],"class_list":["post-2086","post","type-post","status-publish","format-standard","hentry","category-procura","tag-fiscalizacao-de-obra","tag-lisboa","tag-ordem-dos-arquitectos"],"_links":{"self":[{"href":"https:\/\/www.engenhariacivil.com\/emprego\/wp-json\/wp\/v2\/posts\/2086","targetHints":{"allow":["GET"]}}],"collection":[{"href":"https:\/\/www.engenhariacivil.com\/emprego\/wp-json\/wp\/v2\/posts"}],"about":[{"href":"https:\/\/www.engenhariacivil.com\/emprego\/wp-json\/wp\/v2\/types\/post"}],"author":[{"embeddable":true,"href":"https:\/\/www.engenhariacivil.com\/emprego\/wp-json\/wp\/v2\/users\/1"}],"replies":[{"embeddable":true,"href":"https:\/\/www.engenhariacivil.com\/emprego\/wp-json\/wp\/v2\/comments?post=2086"}],"version-history":[{"count":2,"href":"https:\/\/www.engenhariacivil.com\/emprego\/wp-json\/wp\/v2\/posts\/2086\/revisions"}],"predecessor-version":[{"id":2088,"href":"https:\/\/www.engenhariacivil.com\/emprego\/wp-json\/wp\/v2\/posts\/2086\/revisions\/2088"}],"wp:attachment":[{"href":"https:\/\/www.engenhariacivil.com\/emprego\/wp-json\/wp\/v2\/media?parent=2086"}],"wp:term":[{"taxonomy":"category","embeddable":true,"href":"https:\/\/www.engenhariacivil.com\/emprego\/wp-json\/wp\/v2\/categories?post=2086"},{"taxonomy":"post_tag","embeddable":true,"href":"https:\/\/www.engenhariacivil.com\/emprego\/wp-json\/wp\/v2\/tags?post=2086"}],"curies":[{"name":"wp","href":"https:\/\/api.w.org\/{rel}","templated":true}]}}