



{"id":2308,"date":"2012-03-05T18:14:15","date_gmt":"2012-03-05T18:14:15","guid":{"rendered":"http:\/\/www.engenhariacivil.com\/emprego\/?p=2308"},"modified":"2012-03-05T18:14:15","modified_gmt":"2012-03-05T18:14:15","slug":"engenheira-civil-2","status":"publish","type":"post","link":"https:\/\/www.engenhariacivil.com\/emprego\/engenheira-civil-2","title":{"rendered":"Engenheira Civil"},"content":{"rendered":"<p>Terminei o Mestrado em Engenharia Civil no Instituto Superior T\u00e9cnico em 2009 e durante 28 meses fui projectista em engenharia civil, com relevante pr\u00e1tica nas seguintes especialidades:<br \/>\n&#8211; Rede de \u00c1guas<br \/>\n&#8211; Rede de Drenagem de \u00c1guas Residuais<br \/>\n&#8211; Rede de G\u00e1s<br \/>\n&#8211; Rede de Inc\u00eandios<br \/>\n&#8211; Seguran\u00e7a contra Inc\u00eandios<br \/>\n&#8211; T\u00e9rmica<br \/>\n&#8211; Ac\u00fastica<br \/>\n&#8211; Ocupa\u00e7\u00e3o da Via P\u00fablica<br \/>\n&#8211; Gest\u00e3o de Res\u00edduos de Constru\u00e7\u00e3o e Demoli\u00e7\u00f5es<br \/>\n&#8211; Plano de Seguran\u00e7a e Sa\u00fade<br \/>\ne no\u00e7\u00f5es b\u00e1sicas de Instala\u00e7\u00f5es El\u00e9ctricas, ITED e AVAC.<\/p>\n<p>Sou membro efectivo na Ordem dos Engenheiros e tenho licen\u00e7a de Projectista de Redes de G\u00e1s, pela Direc\u00e7\u00e3o Geral de Energia e Geologia.<\/p>\n<p><span style=\"text-decoration: underline;\">Contacto:<\/span><br \/>\nGabriela Moniz<br \/>\nEmail: <a href=\"mailto:moniz.gabriela@gmail.com\">moniz.gabriela@gmail.com<\/a><\/p>\n","protected":false},"excerpt":{"rendered":"<p>Terminei o Mestrado em Engenharia Civil no Instituto Superior T\u00e9cnico em 2009 e durante 28 meses fui projectista em engenharia civil, com relevante pr\u00e1tica nas seguintes especialidades: &#8211; Rede de \u00c1guas &#8211; Rede de Drenagem de \u00c1guas Residuais &#8211; Rede de G\u00e1s &#8211; Rede de Inc\u00eandios &#8211; Seguran\u00e7a contra Inc\u00eandios &#8211; T\u00e9rmica &#8211; Ac\u00fastica &#8211; [&hellip;]<\/p>\n","protected":false},"author":1,"featured_media":0,"comment_status":"open","ping_status":"open","sticky":false,"template":"","format":"standard","meta":{"footnotes":""},"categories":[5],"tags":[359,414,42],"class_list":["post-2308","post","type-post","status-publish","format-standard","hentry","category-procura","tag-ist","tag-mestrado","tag-projectista"],"_links":{"self":[{"href":"https:\/\/www.engenhariacivil.com\/emprego\/wp-json\/wp\/v2\/posts\/2308","targetHints":{"allow":["GET"]}}],"collection":[{"href":"https:\/\/www.engenhariacivil.com\/emprego\/wp-json\/wp\/v2\/posts"}],"about":[{"href":"https:\/\/www.engenhariacivil.com\/emprego\/wp-json\/wp\/v2\/types\/post"}],"author":[{"embeddable":true,"href":"https:\/\/www.engenhariacivil.com\/emprego\/wp-json\/wp\/v2\/users\/1"}],"replies":[{"embeddable":true,"href":"https:\/\/www.engenhariacivil.com\/emprego\/wp-json\/wp\/v2\/comments?post=2308"}],"version-history":[{"count":2,"href":"https:\/\/www.engenhariacivil.com\/emprego\/wp-json\/wp\/v2\/posts\/2308\/revisions"}],"predecessor-version":[{"id":2310,"href":"https:\/\/www.engenhariacivil.com\/emprego\/wp-json\/wp\/v2\/posts\/2308\/revisions\/2310"}],"wp:attachment":[{"href":"https:\/\/www.engenhariacivil.com\/emprego\/wp-json\/wp\/v2\/media?parent=2308"}],"wp:term":[{"taxonomy":"category","embeddable":true,"href":"https:\/\/www.engenhariacivil.com\/emprego\/wp-json\/wp\/v2\/categories?post=2308"},{"taxonomy":"post_tag","embeddable":true,"href":"https:\/\/www.engenhariacivil.com\/emprego\/wp-json\/wp\/v2\/tags?post=2308"}],"curies":[{"name":"wp","href":"https:\/\/api.w.org\/{rel}","templated":true}]}}