



{"id":3492,"date":"2012-10-12T16:24:06","date_gmt":"2012-10-12T16:24:06","guid":{"rendered":"http:\/\/www.engenhariacivil.com\/emprego\/?p=3492"},"modified":"2012-10-12T16:24:06","modified_gmt":"2012-10-12T16:24:06","slug":"engenheira-civil-tssht","status":"publish","type":"post","link":"https:\/\/www.engenhariacivil.com\/emprego\/engenheira-civil-tssht","title":{"rendered":"ENGENHEIRA CIVIL, TSSHT"},"content":{"rendered":"<p>Exm.\u00bas Senhores:<\/p>\n<p>Sou licenciada em Engenharia Civil, uma forma\u00e7\u00e3o acad\u00e9mica enriquecida por alguns anos de experi\u00eancia,inscrita na Ordem dos Engenheiros &#8211; Regi\u00e3o Norte , e possuo tamb\u00e9m Cap. V de Higiene e Seguran\u00e7a no Trabalho.<br \/>\nPossuo boa capacidade comunicativa e sou de f\u00e1cil relacionamento. Adapto-me, com facilidade a novas situa\u00e7\u00f5es e m\u00e9todos de trabalho e gosto de colaborar em equipa. Tenho muita vontade de integrar um projecto, no qual a minha forma\u00e7\u00e3o e experi\u00eancia possa representar uma mais-valia para a vossa Empresa<\/p>\n<p><span style=\"text-decoration: underline;\">Contacto:<\/span><br \/>\nAngela Oliveira<br \/>\nEmail: <a href=\"mailto:amoliveira@live.com.pt\">amoliveira@live.com.pt<\/a><\/p>\n","protected":false},"excerpt":{"rendered":"<p>Exm.\u00bas Senhores: Sou licenciada em Engenharia Civil, uma forma\u00e7\u00e3o acad\u00e9mica enriquecida por alguns anos de experi\u00eancia,inscrita na Ordem dos Engenheiros &#8211; Regi\u00e3o Norte , e possuo tamb\u00e9m Cap. V de Higiene e Seguran\u00e7a no Trabalho. Possuo boa capacidade comunicativa e sou de f\u00e1cil relacionamento. Adapto-me, com facilidade a novas situa\u00e7\u00f5es e m\u00e9todos de trabalho e [&hellip;]<\/p>\n","protected":false},"author":1,"featured_media":0,"comment_status":"open","ping_status":"open","sticky":false,"template":"","format":"standard","meta":{"footnotes":""},"categories":[5],"tags":[211,1517,1102],"class_list":["post-3492","post","type-post","status-publish","format-standard","hentry","category-procura","tag-ordem-dos-engenheiros","tag-regiao-norte","tag-tssht"],"_links":{"self":[{"href":"https:\/\/www.engenhariacivil.com\/emprego\/wp-json\/wp\/v2\/posts\/3492","targetHints":{"allow":["GET"]}}],"collection":[{"href":"https:\/\/www.engenhariacivil.com\/emprego\/wp-json\/wp\/v2\/posts"}],"about":[{"href":"https:\/\/www.engenhariacivil.com\/emprego\/wp-json\/wp\/v2\/types\/post"}],"author":[{"embeddable":true,"href":"https:\/\/www.engenhariacivil.com\/emprego\/wp-json\/wp\/v2\/users\/1"}],"replies":[{"embeddable":true,"href":"https:\/\/www.engenhariacivil.com\/emprego\/wp-json\/wp\/v2\/comments?post=3492"}],"version-history":[{"count":2,"href":"https:\/\/www.engenhariacivil.com\/emprego\/wp-json\/wp\/v2\/posts\/3492\/revisions"}],"predecessor-version":[{"id":3494,"href":"https:\/\/www.engenhariacivil.com\/emprego\/wp-json\/wp\/v2\/posts\/3492\/revisions\/3494"}],"wp:attachment":[{"href":"https:\/\/www.engenhariacivil.com\/emprego\/wp-json\/wp\/v2\/media?parent=3492"}],"wp:term":[{"taxonomy":"category","embeddable":true,"href":"https:\/\/www.engenhariacivil.com\/emprego\/wp-json\/wp\/v2\/categories?post=3492"},{"taxonomy":"post_tag","embeddable":true,"href":"https:\/\/www.engenhariacivil.com\/emprego\/wp-json\/wp\/v2\/tags?post=3492"}],"curies":[{"name":"wp","href":"https:\/\/api.w.org\/{rel}","templated":true}]}}