



{"id":380,"date":"2009-12-08T15:05:04","date_gmt":"2009-12-08T15:05:04","guid":{"rendered":"http:\/\/www.engenhariacivil.com\/emprego\/?p=380"},"modified":"2011-08-13T15:06:34","modified_gmt":"2011-08-13T15:06:34","slug":"projectista-com-experiencia","status":"publish","type":"post","link":"https:\/\/www.engenhariacivil.com\/emprego\/projectista-com-experiencia","title":{"rendered":"Projectista com Experi\u00eancia"},"content":{"rendered":"<p><span style=\"text-decoration: underline;\">Empresa:<\/span><br \/>\nInplenitus, Arquitectura e Solu\u00e7\u00f5es Lda \u00e9 uma empresa com grande presen\u00e7a no mercado nacional no dom\u00ednio das obras p\u00fablicas, empreedimentos tur\u00edsticos e edif\u00edcios industriais.<\/p>\n<p><span style=\"text-decoration: underline;\">Descri\u00e7\u00e3o da Fun\u00e7\u00e3o:<\/span><br \/>\n&#8211; Elabora\u00e7\u00e3o de projectos de engenharia.<\/p>\n<p><span style=\"text-decoration: underline;\">Requisitos:<\/span><br \/>\n&#8211; Forma\u00e7\u00e3o Superior em Engenharia Civil;<br \/>\n&#8211; Gosto de trabalhar em equipa;<br \/>\n&#8211; Sentido de responsabilidade;<br \/>\n&#8211; Resid\u00eancia \u2013 \u00e1rea de Coimbra.<\/p>\n<p><span style=\"text-decoration: underline;\">Oferece-se:<\/span><br \/>\n&#8211; Boas condi\u00e7\u00f5es de trabalho e inser\u00e7\u00e3o numa equipa jovem e din\u00e2mica;<\/p>\n<p><span style=\"text-decoration: underline;\">Local:<\/span><br \/>\nCoimbra<br \/>\nEnvio de CV para elisabete.marques@inplenitus.pt com indica\u00e7\u00e3o do cargo a que se candidata no campo de assunto do email.<\/p>\n","protected":false},"excerpt":{"rendered":"<p>Empresa: Inplenitus, Arquitectura e Solu\u00e7\u00f5es Lda \u00e9 uma empresa com grande presen\u00e7a no mercado nacional no dom\u00ednio das obras p\u00fablicas, empreedimentos tur\u00edsticos e edif\u00edcios industriais. Descri\u00e7\u00e3o da Fun\u00e7\u00e3o: &#8211; Elabora\u00e7\u00e3o de projectos de engenharia. Requisitos: &#8211; Forma\u00e7\u00e3o Superior em Engenharia Civil; &#8211; Gosto de trabalhar em equipa; &#8211; Sentido de responsabilidade; &#8211; Resid\u00eancia \u2013 \u00e1rea [&hellip;]<\/p>\n","protected":false},"author":1,"featured_media":0,"comment_status":"open","ping_status":"open","sticky":false,"template":"","format":"standard","meta":{"footnotes":""},"categories":[4],"tags":[244],"class_list":["post-380","post","type-post","status-publish","format-standard","hentry","category-oferta","tag-elaboracao-de-projectos"],"_links":{"self":[{"href":"https:\/\/www.engenhariacivil.com\/emprego\/wp-json\/wp\/v2\/posts\/380","targetHints":{"allow":["GET"]}}],"collection":[{"href":"https:\/\/www.engenhariacivil.com\/emprego\/wp-json\/wp\/v2\/posts"}],"about":[{"href":"https:\/\/www.engenhariacivil.com\/emprego\/wp-json\/wp\/v2\/types\/post"}],"author":[{"embeddable":true,"href":"https:\/\/www.engenhariacivil.com\/emprego\/wp-json\/wp\/v2\/users\/1"}],"replies":[{"embeddable":true,"href":"https:\/\/www.engenhariacivil.com\/emprego\/wp-json\/wp\/v2\/comments?post=380"}],"version-history":[{"count":1,"href":"https:\/\/www.engenhariacivil.com\/emprego\/wp-json\/wp\/v2\/posts\/380\/revisions"}],"predecessor-version":[{"id":381,"href":"https:\/\/www.engenhariacivil.com\/emprego\/wp-json\/wp\/v2\/posts\/380\/revisions\/381"}],"wp:attachment":[{"href":"https:\/\/www.engenhariacivil.com\/emprego\/wp-json\/wp\/v2\/media?parent=380"}],"wp:term":[{"taxonomy":"category","embeddable":true,"href":"https:\/\/www.engenhariacivil.com\/emprego\/wp-json\/wp\/v2\/categories?post=380"},{"taxonomy":"post_tag","embeddable":true,"href":"https:\/\/www.engenhariacivil.com\/emprego\/wp-json\/wp\/v2\/tags?post=380"}],"curies":[{"name":"wp","href":"https:\/\/api.w.org\/{rel}","templated":true}]}}