



{"id":4170,"date":"2013-03-31T20:10:32","date_gmt":"2013-03-31T20:10:32","guid":{"rendered":"http:\/\/www.engenhariacivil.com\/emprego\/?p=4170"},"modified":"2013-03-31T20:10:32","modified_gmt":"2013-03-31T20:10:32","slug":"assino-alvara-de-construcao-direccao-tecnica-de-obras","status":"publish","type":"post","link":"https:\/\/www.engenhariacivil.com\/emprego\/assino-alvara-de-construcao-direccao-tecnica-de-obras","title":{"rendered":"Assino Alvar\u00e1 de Constru\u00e7\u00e3o, Direc\u00e7\u00e3o T\u00e9cnica de Obras"},"content":{"rendered":"<p>Arquitecto com experi\u00eancia superior a 7anos, disponibiliza-se para:<br \/>\n\u2013 Assinar alvar\u00e1 de constru\u00e7\u00e3o;<br \/>\n\u2013 Dire\u00e7\u00e3o t\u00e9cnica de empreitadas;<br \/>\n\u2013 Realizar Planos de Seguran\u00e7a e Sa\u00fade;<\/p>\n<p><span style=\"text-decoration: underline;\">Contacto:<\/span><br \/>\nJean Carlo Ferreira<br \/>\n<a href=\"mailto:jannferrer@gmail.com\" target=\"_blank\">jannferrer@gmail.com<\/a><\/p>\n","protected":false},"excerpt":{"rendered":"<p>Arquitecto com experi\u00eancia superior a 7anos, disponibiliza-se para: \u2013 Assinar alvar\u00e1 de constru\u00e7\u00e3o; \u2013 Dire\u00e7\u00e3o t\u00e9cnica de empreitadas; \u2013 Realizar Planos de Seguran\u00e7a e Sa\u00fade; Contacto: Jean Carlo Ferreira jannferrer@gmail.com<\/p>\n","protected":false},"author":1,"featured_media":0,"comment_status":"open","ping_status":"open","sticky":false,"template":"","format":"standard","meta":{"footnotes":""},"categories":[5],"tags":[776,1207,1105],"class_list":["post-4170","post","type-post","status-publish","format-standard","hentry","category-procura","tag-alvara-de-construcao","tag-empreitadas","tag-planos-de-seguranca-e-saude"],"_links":{"self":[{"href":"https:\/\/www.engenhariacivil.com\/emprego\/wp-json\/wp\/v2\/posts\/4170","targetHints":{"allow":["GET"]}}],"collection":[{"href":"https:\/\/www.engenhariacivil.com\/emprego\/wp-json\/wp\/v2\/posts"}],"about":[{"href":"https:\/\/www.engenhariacivil.com\/emprego\/wp-json\/wp\/v2\/types\/post"}],"author":[{"embeddable":true,"href":"https:\/\/www.engenhariacivil.com\/emprego\/wp-json\/wp\/v2\/users\/1"}],"replies":[{"embeddable":true,"href":"https:\/\/www.engenhariacivil.com\/emprego\/wp-json\/wp\/v2\/comments?post=4170"}],"version-history":[{"count":1,"href":"https:\/\/www.engenhariacivil.com\/emprego\/wp-json\/wp\/v2\/posts\/4170\/revisions"}],"predecessor-version":[{"id":4171,"href":"https:\/\/www.engenhariacivil.com\/emprego\/wp-json\/wp\/v2\/posts\/4170\/revisions\/4171"}],"wp:attachment":[{"href":"https:\/\/www.engenhariacivil.com\/emprego\/wp-json\/wp\/v2\/media?parent=4170"}],"wp:term":[{"taxonomy":"category","embeddable":true,"href":"https:\/\/www.engenhariacivil.com\/emprego\/wp-json\/wp\/v2\/categories?post=4170"},{"taxonomy":"post_tag","embeddable":true,"href":"https:\/\/www.engenhariacivil.com\/emprego\/wp-json\/wp\/v2\/tags?post=4170"}],"curies":[{"name":"wp","href":"https:\/\/api.w.org\/{rel}","templated":true}]}}