



{"id":4373,"date":"2013-07-18T12:34:50","date_gmt":"2013-07-18T12:34:50","guid":{"rendered":"http:\/\/www.engenhariacivil.com\/emprego\/?p=4373"},"modified":"2013-07-18T12:34:50","modified_gmt":"2013-07-18T12:34:50","slug":"tecnico-em-edificacoes-2","status":"publish","type":"post","link":"https:\/\/www.engenhariacivil.com\/emprego\/tecnico-em-edificacoes-2","title":{"rendered":"T\u00c9CNICO EM EDIFICA\u00c7\u00d5ES"},"content":{"rendered":"<p>Ol\u00e1, Sou T\u00e9cnico em Edifica\u00e7\u00f5es e gostaria de lhes comunicar sobre meu desejo de atuar em uma Construtora aqui do CE, pois tenho experi\u00eancia na \u00e1rea de aproximadamente 1 ano e meio. Gostaria de destacar que trabalhava com execu\u00e7\u00e3o de planilhas de medi\u00e7\u00e3o, documenta\u00e7\u00e3o para licita\u00e7\u00f5es, detalhamento em projetos, atuava em campo com \u00eanfase em fiscaliza\u00e7\u00e3o de obras e execu\u00e7\u00e3o das mesmas em v\u00e1rias cidades no interior do Estado do Cear\u00e1, atualmente Resido em Quixad\u00e1-CE pois conclui meu Curso de Edifica\u00e7\u00f5es no IFCE (CEFET) daqui, estou me mudando para Fortaleza-CE ou Regi\u00e3o o mais breve poss\u00edvel, esperando apenas uma oportunidade de mostrar meu trabalho. Tenho Experi\u00eancia em Excel e CAD Avan\u00e7ado, Ms Project b\u00e1sico e interpreta\u00e7\u00e3o de projetos<\/p>\n<p>Agrade\u00e7o pela aten\u00e7\u00e3o e fico ao dispor.<\/p>\n<p>Atenciosamente<\/p>\n<p>Kennedy Silva Martins<br \/>\nT\u00e9cnico em Edifica\u00e7\u00f5es<br \/>\n(88) 9960-9936<\/p>\n<p><span style=\"text-decoration: underline;\">Contacto:<\/span><br \/>\nFrancisco Kennedy Silva Martins<br \/>\n<a href=\"mailto:msndokennedy@hotmail.com\" target=\"_blank\">msndokennedy@hotmail.com<\/a><\/p>\n","protected":false},"excerpt":{"rendered":"<p>Ol\u00e1, Sou T\u00e9cnico em Edifica\u00e7\u00f5es e gostaria de lhes comunicar sobre meu desejo de atuar em uma Construtora aqui do CE, pois tenho experi\u00eancia na \u00e1rea de aproximadamente 1 ano e meio. Gostaria de destacar que trabalhava com execu\u00e7\u00e3o de planilhas de medi\u00e7\u00e3o, documenta\u00e7\u00e3o para licita\u00e7\u00f5es, detalhamento em projetos, atuava em campo com \u00eanfase em [&hellip;]<\/p>\n","protected":false},"author":1,"featured_media":0,"comment_status":"open","ping_status":"open","sticky":false,"template":"","format":"standard","meta":{"footnotes":""},"categories":[5],"tags":[73,271,786],"class_list":["post-4373","post","type-post","status-publish","format-standard","hentry","category-procura","tag-autocad","tag-edificacoes","tag-medicao"],"_links":{"self":[{"href":"https:\/\/www.engenhariacivil.com\/emprego\/wp-json\/wp\/v2\/posts\/4373","targetHints":{"allow":["GET"]}}],"collection":[{"href":"https:\/\/www.engenhariacivil.com\/emprego\/wp-json\/wp\/v2\/posts"}],"about":[{"href":"https:\/\/www.engenhariacivil.com\/emprego\/wp-json\/wp\/v2\/types\/post"}],"author":[{"embeddable":true,"href":"https:\/\/www.engenhariacivil.com\/emprego\/wp-json\/wp\/v2\/users\/1"}],"replies":[{"embeddable":true,"href":"https:\/\/www.engenhariacivil.com\/emprego\/wp-json\/wp\/v2\/comments?post=4373"}],"version-history":[{"count":1,"href":"https:\/\/www.engenhariacivil.com\/emprego\/wp-json\/wp\/v2\/posts\/4373\/revisions"}],"predecessor-version":[{"id":4374,"href":"https:\/\/www.engenhariacivil.com\/emprego\/wp-json\/wp\/v2\/posts\/4373\/revisions\/4374"}],"wp:attachment":[{"href":"https:\/\/www.engenhariacivil.com\/emprego\/wp-json\/wp\/v2\/media?parent=4373"}],"wp:term":[{"taxonomy":"category","embeddable":true,"href":"https:\/\/www.engenhariacivil.com\/emprego\/wp-json\/wp\/v2\/categories?post=4373"},{"taxonomy":"post_tag","embeddable":true,"href":"https:\/\/www.engenhariacivil.com\/emprego\/wp-json\/wp\/v2\/tags?post=4373"}],"curies":[{"name":"wp","href":"https:\/\/api.w.org\/{rel}","templated":true}]}}