



{"id":4579,"date":"2014-01-09T20:46:37","date_gmt":"2014-01-09T20:46:37","guid":{"rendered":"http:\/\/www.engenhariacivil.com\/emprego\/?p=4579"},"modified":"2014-01-09T20:48:05","modified_gmt":"2014-01-09T20:48:05","slug":"procuro-estagio-em-eng-civil","status":"publish","type":"post","link":"https:\/\/www.engenhariacivil.com\/emprego\/procuro-estagio-em-eng-civil","title":{"rendered":"Procuro est\u00e1gio em Eng. Civil"},"content":{"rendered":"<p><img loading=\"lazy\" decoding=\"async\" class=\"wp-image-4582 alignright\" alt=\"\" src=\"http:\/\/www.engenhariacivil.com\/emprego\/wp-content\/uploads\/patricia-m-castro-300x225.jpg\" width=\"300\" height=\"225\" srcset=\"https:\/\/www.engenhariacivil.com\/emprego\/wp-content\/uploads\/patricia-m-castro-300x225.jpg 300w, https:\/\/www.engenhariacivil.com\/emprego\/wp-content\/uploads\/patricia-m-castro.jpg 960w\" sizes=\"auto, (max-width: 300px) 100vw, 300px\" \/><\/p>\n<p>Estudante de engenharia civil, iniciando o 7\u00ba semestre , com t\u00e9rmino previsto para 12\/ 2015. Moro em Jundia\u00ed, tenho 27 anos.<\/p>\n<p>Tenho ingl\u00eas b\u00e1sico, Pacote Office (Word e Excel intermedi\u00e1rio), Auto CAD 2D e 3D, Leitura e interpreta\u00e7\u00e3o de Projetos , MS Project e SketchUp 8.0 b\u00e1sico.<\/p>\n<p>Sou uma profissional comunicativa, dedicada, competente e proativa. Tenho facilidade para trabalhar em equipe e boa experi\u00eancia de contato com cliente e fornecedores. Apesar de n\u00e3o ter experi\u00eancia nessa \u00e1rea sou uma pessoa que se adapta r\u00e1pido e aprendo f\u00e1cil.<\/p>\n<p>Para realizar o trabalho com qualidade e efic\u00e1cia me mantenho sempre organizada.<br \/>\nTenho veiculo pr\u00f3prio e disponibilidade para viagens de curta dura\u00e7\u00e3o.<\/p>\n<p><span style=\"text-decoration: underline;\">Contacto:<\/span><br \/>\nPatricia M. castro<br \/>\n<a href=\"mailto:patricia_mcastro@yahoo.com.br\" target=\"_blank\">patricia_mcastro@yahoo.com.br<\/a><\/p>\n","protected":false},"excerpt":{"rendered":"<p>Estudante de engenharia civil, iniciando o 7\u00ba semestre , com t\u00e9rmino previsto para 12\/ 2015. Moro em Jundia\u00ed, tenho 27 anos. Tenho ingl\u00eas b\u00e1sico, Pacote Office (Word e Excel intermedi\u00e1rio), Auto CAD 2D e 3D, Leitura e interpreta\u00e7\u00e3o de Projetos , MS Project e SketchUp 8.0 b\u00e1sico. Sou uma profissional comunicativa, dedicada, competente e proativa. [&hellip;]<\/p>\n","protected":false},"author":1,"featured_media":4582,"comment_status":"open","ping_status":"open","sticky":false,"template":"","format":"standard","meta":{"footnotes":""},"categories":[5],"tags":[1343,1704,1415],"class_list":["post-4579","post","type-post","status-publish","format-standard","has-post-thumbnail","hentry","category-procura","tag-estudante","tag-jundiai","tag-projetos"],"_links":{"self":[{"href":"https:\/\/www.engenhariacivil.com\/emprego\/wp-json\/wp\/v2\/posts\/4579","targetHints":{"allow":["GET"]}}],"collection":[{"href":"https:\/\/www.engenhariacivil.com\/emprego\/wp-json\/wp\/v2\/posts"}],"about":[{"href":"https:\/\/www.engenhariacivil.com\/emprego\/wp-json\/wp\/v2\/types\/post"}],"author":[{"embeddable":true,"href":"https:\/\/www.engenhariacivil.com\/emprego\/wp-json\/wp\/v2\/users\/1"}],"replies":[{"embeddable":true,"href":"https:\/\/www.engenhariacivil.com\/emprego\/wp-json\/wp\/v2\/comments?post=4579"}],"version-history":[{"count":3,"href":"https:\/\/www.engenhariacivil.com\/emprego\/wp-json\/wp\/v2\/posts\/4579\/revisions"}],"predecessor-version":[{"id":4583,"href":"https:\/\/www.engenhariacivil.com\/emprego\/wp-json\/wp\/v2\/posts\/4579\/revisions\/4583"}],"wp:featuredmedia":[{"embeddable":true,"href":"https:\/\/www.engenhariacivil.com\/emprego\/wp-json\/wp\/v2\/media\/4582"}],"wp:attachment":[{"href":"https:\/\/www.engenhariacivil.com\/emprego\/wp-json\/wp\/v2\/media?parent=4579"}],"wp:term":[{"taxonomy":"category","embeddable":true,"href":"https:\/\/www.engenhariacivil.com\/emprego\/wp-json\/wp\/v2\/categories?post=4579"},{"taxonomy":"post_tag","embeddable":true,"href":"https:\/\/www.engenhariacivil.com\/emprego\/wp-json\/wp\/v2\/tags?post=4579"}],"curies":[{"name":"wp","href":"https:\/\/api.w.org\/{rel}","templated":true}]}}