



{"id":4769,"date":"2014-05-09T17:17:59","date_gmt":"2014-05-09T16:17:59","guid":{"rendered":"http:\/\/www.engenhariacivil.com\/emprego\/?p=4769"},"modified":"2014-05-09T17:17:59","modified_gmt":"2014-05-09T16:17:59","slug":"primeiro-emprego-estagio","status":"publish","type":"post","link":"https:\/\/www.engenhariacivil.com\/emprego\/primeiro-emprego-estagio","title":{"rendered":"Primeiro emprego \/ Est\u00e1gio"},"content":{"rendered":"<p>Estou na reta final do meu Trabalho Final de Mestrado em Estruturas e gostaria de come\u00e7ar j\u00e1 a minha atividade profissional, ainda que seja como estagi\u00e1rio (sob as condi\u00e7\u00f5es de apoio ao est\u00e1gio pelo IEFP).<\/p>\n<p>Agrade\u00e7o a oportunidade de mostrar o meu valor e a vontade que tenho de trabalhar na \u00e1rea e singrar na carreira de engenheiro civil.<\/p>\n<p><span style=\"text-decoration: underline;\">Contacto:<\/span><br \/>\nEmanuel Jesus Mendes<br \/>\n<a href=\"mailto:emanuelmendes21@gmail.com\" target=\"_blank\"><span class=\"il\">emanuelmendes21@gmail.com<\/span><\/a><\/p>\n","protected":false},"excerpt":{"rendered":"<p>Estou na reta final do meu Trabalho Final de Mestrado em Estruturas e gostaria de come\u00e7ar j\u00e1 a minha atividade profissional, ainda que seja como estagi\u00e1rio (sob as condi\u00e7\u00f5es de apoio ao est\u00e1gio pelo IEFP). Agrade\u00e7o a oportunidade de mostrar o meu valor e a vontade que tenho de trabalhar na \u00e1rea e singrar na [&hellip;]<\/p>\n","protected":false},"author":1,"featured_media":0,"comment_status":"open","ping_status":"open","sticky":false,"template":"","format":"standard","meta":{"footnotes":""},"categories":[5],"tags":[1753,375,1651],"class_list":["post-4769","post","type-post","status-publish","format-standard","hentry","category-procura","tag-atividade-profissional","tag-iefp","tag-mestrado-em-estruturas"],"_links":{"self":[{"href":"https:\/\/www.engenhariacivil.com\/emprego\/wp-json\/wp\/v2\/posts\/4769","targetHints":{"allow":["GET"]}}],"collection":[{"href":"https:\/\/www.engenhariacivil.com\/emprego\/wp-json\/wp\/v2\/posts"}],"about":[{"href":"https:\/\/www.engenhariacivil.com\/emprego\/wp-json\/wp\/v2\/types\/post"}],"author":[{"embeddable":true,"href":"https:\/\/www.engenhariacivil.com\/emprego\/wp-json\/wp\/v2\/users\/1"}],"replies":[{"embeddable":true,"href":"https:\/\/www.engenhariacivil.com\/emprego\/wp-json\/wp\/v2\/comments?post=4769"}],"version-history":[{"count":2,"href":"https:\/\/www.engenhariacivil.com\/emprego\/wp-json\/wp\/v2\/posts\/4769\/revisions"}],"predecessor-version":[{"id":4771,"href":"https:\/\/www.engenhariacivil.com\/emprego\/wp-json\/wp\/v2\/posts\/4769\/revisions\/4771"}],"wp:attachment":[{"href":"https:\/\/www.engenhariacivil.com\/emprego\/wp-json\/wp\/v2\/media?parent=4769"}],"wp:term":[{"taxonomy":"category","embeddable":true,"href":"https:\/\/www.engenhariacivil.com\/emprego\/wp-json\/wp\/v2\/categories?post=4769"},{"taxonomy":"post_tag","embeddable":true,"href":"https:\/\/www.engenhariacivil.com\/emprego\/wp-json\/wp\/v2\/tags?post=4769"}],"curies":[{"name":"wp","href":"https:\/\/api.w.org\/{rel}","templated":true}]}}