



{"id":4929,"date":"2014-08-05T15:38:34","date_gmt":"2014-08-05T14:38:34","guid":{"rendered":"http:\/\/www.engenhariacivil.com\/emprego\/?p=4929"},"modified":"2014-08-05T15:39:33","modified_gmt":"2014-08-05T14:39:33","slug":"procuro-estagio-de-edificacoes-no-rj","status":"publish","type":"post","link":"https:\/\/www.engenhariacivil.com\/emprego\/procuro-estagio-de-edificacoes-no-rj","title":{"rendered":"Procuro est\u00e1gio de edifica\u00e7\u00f5es no RJ"},"content":{"rendered":"<p>Procuro oportunidades para est\u00e1gio em edifica\u00e7\u00f5es (No Rio de Janeiro), pois para me formar tenho uma carga hor\u00e1rio obrigat\u00f3ria de 350h (+- 3 meses)com reais possibilidades de efetiva\u00e7\u00e3o.<\/p>\n<p>Interessados, favor entrar em contato<br \/>\ntel:(21)99832-9138<\/p>\n<p><span style=\"text-decoration: underline;\">Contacto:<\/span><br \/>\nPaulo Moraes<br \/>\npierre_rpm@yahoo.com.br<\/p>\n","protected":false},"excerpt":{"rendered":"<p>Procuro oportunidades para est\u00e1gio em edifica\u00e7\u00f5es (No Rio de Janeiro), pois para me formar tenho uma carga hor\u00e1rio obrigat\u00f3ria de 350h (+- 3 meses)com reais possibilidades de efetiva\u00e7\u00e3o. Interessados, favor entrar em contato tel:(21)99832-9138 Contacto: Paulo Moraes pierre_rpm@yahoo.com.br<\/p>\n","protected":false},"author":1,"featured_media":0,"comment_status":"open","ping_status":"open","sticky":false,"template":"","format":"standard","meta":{"footnotes":""},"categories":[5],"tags":[271,594,343],"class_list":["post-4929","post","type-post","status-publish","format-standard","hentry","category-procura","tag-edificacoes","tag-estagio","tag-rio-de-janeiro"],"_links":{"self":[{"href":"https:\/\/www.engenhariacivil.com\/emprego\/wp-json\/wp\/v2\/posts\/4929","targetHints":{"allow":["GET"]}}],"collection":[{"href":"https:\/\/www.engenhariacivil.com\/emprego\/wp-json\/wp\/v2\/posts"}],"about":[{"href":"https:\/\/www.engenhariacivil.com\/emprego\/wp-json\/wp\/v2\/types\/post"}],"author":[{"embeddable":true,"href":"https:\/\/www.engenhariacivil.com\/emprego\/wp-json\/wp\/v2\/users\/1"}],"replies":[{"embeddable":true,"href":"https:\/\/www.engenhariacivil.com\/emprego\/wp-json\/wp\/v2\/comments?post=4929"}],"version-history":[{"count":2,"href":"https:\/\/www.engenhariacivil.com\/emprego\/wp-json\/wp\/v2\/posts\/4929\/revisions"}],"predecessor-version":[{"id":4931,"href":"https:\/\/www.engenhariacivil.com\/emprego\/wp-json\/wp\/v2\/posts\/4929\/revisions\/4931"}],"wp:attachment":[{"href":"https:\/\/www.engenhariacivil.com\/emprego\/wp-json\/wp\/v2\/media?parent=4929"}],"wp:term":[{"taxonomy":"category","embeddable":true,"href":"https:\/\/www.engenhariacivil.com\/emprego\/wp-json\/wp\/v2\/categories?post=4929"},{"taxonomy":"post_tag","embeddable":true,"href":"https:\/\/www.engenhariacivil.com\/emprego\/wp-json\/wp\/v2\/tags?post=4929"}],"curies":[{"name":"wp","href":"https:\/\/api.w.org\/{rel}","templated":true}]}}