



{"id":5114,"date":"2014-11-12T13:09:01","date_gmt":"2014-11-12T13:09:01","guid":{"rendered":"http:\/\/www.engenhariacivil.com\/emprego\/?p=5114"},"modified":"2014-11-12T13:09:01","modified_gmt":"2014-11-12T13:09:01","slug":"diretor-do-departamento-de-instalacao-e-obra-eng-civildir-obra","status":"publish","type":"post","link":"https:\/\/www.engenhariacivil.com\/emprego\/diretor-do-departamento-de-instalacao-e-obra-eng-civildir-obra","title":{"rendered":"Diretor do Departamento de Instala\u00e7\u00e3o e Obra | (Eng Civil\/Dir. Obra)"},"content":{"rendered":"<p>Diretor do Departamento de Instala\u00e7\u00e3o e Obra<br \/>\n(Eng Civil\/Dir. Obra)<br \/>\n(Full-time)<br \/>\n[PR 2014\/18<br \/>\n(M\/F)<\/p>\n<p>No \u00e2mbito da nossa pol\u00edtica de expans\u00e3o e desenvolvimento de neg\u00f3cios a Industrial Laborum Ib\u00e9rica S.A., com instala\u00e7\u00f5es fabris sediadas em Albergaria-a-Velha, pretende refor\u00e7ar a sua equipa com o recrutamento de Diretor do Departamento de Instala\u00e7\u00e3o e Obra (Eng Civil\/Dir. Obra), com as seguintes compet\u00eancias:<\/p>\n<p>\u2022 Forma\u00e7\u00e3o acad\u00e9mica em Engenharia Civil<br \/>\n\u2022 Valorizar-se-\u00e1 positivamente forma\u00e7\u00e3o ou p\u00f3s-gradua\u00e7\u00e3o em Gest\u00e3o e Administra\u00e7\u00e3o de empresas<br \/>\n\u2022 Experi\u00eancia de trabalho no m\u00ednimo de 7 anos na gest\u00e3o de grupos de trabalho multidisciplinar em contexto de obra e de prefer\u00eancia em contexto internacional<br \/>\n\u2022 Dever\u00e1 saber liderar equipas e incentiv\u00e1-las, possuir uma excelente capacidade de negocia\u00e7\u00e3o e um sentido comercial e de dire\u00e7\u00e3o muito desenvolvido<br \/>\n\u2022 Flu\u00eancia de Ingl\u00eas e Franc\u00eas<br \/>\n\u2022 Dom\u00ednio de Excel e Project Avan\u00e7ado<br \/>\n\u2022 Excelente capacidade de transmiss\u00e3o de conhecimentos<br \/>\n\u2022 Sentido de responsabilidade, zelo pelo sigilo profissional e valores \u00e9ticos<br \/>\n\u2022 Bom n\u00edvel de autonomia, assertividade e poder de decis\u00e3o<br \/>\n\u2022 Focado em Teamwork<br \/>\n\u2022 Flexibilidade de hor\u00e1rio e disponibilidade para desloca\u00e7\u00f5es nacionais e internacionais<br \/>\n\u2022 Disponibilidade imediata<\/p>\n<p>Miss\u00e3o:<br \/>\nCom reporte direto \u00e0 Administra\u00e7\u00e3o ser\u00e1 respons\u00e1vel pela coordena\u00e7\u00e3o e controlo das atividades relacionadas com a Dire\u00e7\u00e3o de Obra, pelo planeamento, gest\u00e3o e controlo da obra e pela gest\u00e3o e supervis\u00e3o da equipa do departamento de Produ\u00e7\u00e3o\/Instala\u00e7\u00e3o.<\/p>\n<p>Fun\u00e7\u00e3o:<br \/>\n\u2022 Definir m\u00e9todos de trabalho do departamento de prepara\u00e7\u00e3o de obra<br \/>\n\u2022 Garantir a otimiza\u00e7\u00e3o t\u00e9cnico-econ\u00f3mica das obras<br \/>\n\u2022 Supervisionar a coordena\u00e7\u00e3o das equipas de montagem<br \/>\n\u2022 Definir m\u00e9todos de trabalho do departamento de prepara\u00e7\u00e3o de obra<br \/>\n\u2022 Assumir a fun\u00e7\u00e3o t\u00e9cnica de dirigir a execu\u00e7\u00e3o dos trabalhos e a coordena\u00e7\u00e3o de toda a atividade de produ\u00e7\u00e3o, quando a empresa, cujo quadro de pessoal integra, tenha assumido a responsabilidade pela realiza\u00e7\u00e3o da obra<br \/>\n\u2022 Adotar os m\u00e9todos de produ\u00e7\u00e3o adequados, de forma a assegurar o cumprimento dos deveres legais a que est\u00e1 obrigado, a qualidade da obra executada, a seguran\u00e7a e a efici\u00eancia no processo de constru\u00e7\u00e3o<\/p>\n<p>Oferece-se:<br \/>\n\u2022 Remunera\u00e7\u00e3o compat\u00edvel com a fun\u00e7\u00e3o<br \/>\n\u2022 Excelentes condi\u00e7\u00f5es de trabalho<br \/>\n\u2022 Claras perspetivas de desenvolvimento de carreira<br \/>\nEnviar Curriculum Vitae, com fotografia atualizada para o email: recrutamento@industriallaborum.com<\/p>\n<p><span style=\"text-decoration: underline;\">Contacto:<\/span><br \/>\nIndustrial Laborum Ib\u00e9rica S.A.,<br \/>\nrecrutamento@industriallaborum.com<\/p>\n","protected":false},"excerpt":{"rendered":"<p>Diretor do Departamento de Instala\u00e7\u00e3o e Obra (Eng Civil\/Dir. Obra) (Full-time) [PR 2014\/18 (M\/F) No \u00e2mbito da nossa pol\u00edtica de expans\u00e3o e desenvolvimento de neg\u00f3cios a Industrial Laborum Ib\u00e9rica S.A., com instala\u00e7\u00f5es fabris sediadas em Albergaria-a-Velha, pretende refor\u00e7ar a sua equipa com o recrutamento de Diretor do Departamento de Instala\u00e7\u00e3o e Obra (Eng Civil\/Dir. Obra), [&hellip;]<\/p>\n","protected":false},"author":1,"featured_media":0,"comment_status":"open","ping_status":"open","sticky":false,"template":"","format":"standard","meta":{"footnotes":""},"categories":[4],"tags":[1440,345,630],"class_list":["post-5114","post","type-post","status-publish","format-standard","hentry","category-oferta","tag-direcao-de-obra","tag-engenharia-civil","tag-obra"],"_links":{"self":[{"href":"https:\/\/www.engenhariacivil.com\/emprego\/wp-json\/wp\/v2\/posts\/5114","targetHints":{"allow":["GET"]}}],"collection":[{"href":"https:\/\/www.engenhariacivil.com\/emprego\/wp-json\/wp\/v2\/posts"}],"about":[{"href":"https:\/\/www.engenhariacivil.com\/emprego\/wp-json\/wp\/v2\/types\/post"}],"author":[{"embeddable":true,"href":"https:\/\/www.engenhariacivil.com\/emprego\/wp-json\/wp\/v2\/users\/1"}],"replies":[{"embeddable":true,"href":"https:\/\/www.engenhariacivil.com\/emprego\/wp-json\/wp\/v2\/comments?post=5114"}],"version-history":[{"count":1,"href":"https:\/\/www.engenhariacivil.com\/emprego\/wp-json\/wp\/v2\/posts\/5114\/revisions"}],"predecessor-version":[{"id":5115,"href":"https:\/\/www.engenhariacivil.com\/emprego\/wp-json\/wp\/v2\/posts\/5114\/revisions\/5115"}],"wp:attachment":[{"href":"https:\/\/www.engenhariacivil.com\/emprego\/wp-json\/wp\/v2\/media?parent=5114"}],"wp:term":[{"taxonomy":"category","embeddable":true,"href":"https:\/\/www.engenhariacivil.com\/emprego\/wp-json\/wp\/v2\/categories?post=5114"},{"taxonomy":"post_tag","embeddable":true,"href":"https:\/\/www.engenhariacivil.com\/emprego\/wp-json\/wp\/v2\/tags?post=5114"}],"curies":[{"name":"wp","href":"https:\/\/api.w.org\/{rel}","templated":true}]}}