



{"id":5221,"date":"2015-01-14T20:16:20","date_gmt":"2015-01-14T20:16:20","guid":{"rendered":"http:\/\/www.engenhariacivil.com\/emprego\/?p=5221"},"modified":"2015-01-14T20:16:20","modified_gmt":"2015-01-14T20:16:20","slug":"oportunidade-de-estagio-tecnico-em-edificacoes","status":"publish","type":"post","link":"https:\/\/www.engenhariacivil.com\/emprego\/oportunidade-de-estagio-tecnico-em-edificacoes","title":{"rendered":"Oportunidade de Est\u00e1gio T\u00e9cnico em Edifica\u00e7\u00f5es"},"content":{"rendered":"<p>Prezados Senhores,<\/p>\n<p>Procuro oportunidade de est\u00e1gio T\u00e9cnico em Edifica\u00e7\u00f5es com \u00eanfase em Engenharia Civil para poder atuar nessa \u00e1rea e adquirir maior conhecimento e aprendizado. Tenho grande responsabilidade, sentido de organiza\u00e7\u00e3o e esp\u00edrito de trabalho em equipe.Possuo conhecimento b\u00e1sico em estruturas, funda\u00e7\u00f5es e instala\u00e7\u00f5es e conhecimento em projetos,Autocad, Promob, Corel Draw, Power Point e outros.<br \/>\nAgrade\u00e7o a aten\u00e7\u00e3o e coloco-me \u00e0 disposi\u00e7\u00e3o para prestar-lhes maiores esclarecimentos.<br \/>\nAtenciosamente,<br \/>\n<span style=\"text-decoration: underline;\">Contacto:<\/span><br \/>\nAline Elen Reinhard<br \/>\nalinelen@gmail.com<\/p>\n","protected":false},"excerpt":{"rendered":"<p>Prezados Senhores, Procuro oportunidade de est\u00e1gio T\u00e9cnico em Edifica\u00e7\u00f5es com \u00eanfase em Engenharia Civil para poder atuar nessa \u00e1rea e adquirir maior conhecimento e aprendizado. Tenho grande responsabilidade, sentido de organiza\u00e7\u00e3o e esp\u00edrito de trabalho em equipe.Possuo conhecimento b\u00e1sico em estruturas, funda\u00e7\u00f5es e instala\u00e7\u00f5es e conhecimento em projetos,Autocad, Promob, Corel Draw, Power Point e outros. [&hellip;]<\/p>\n","protected":false},"author":1,"featured_media":0,"comment_status":"open","ping_status":"open","sticky":false,"template":"","format":"standard","meta":{"footnotes":""},"categories":[5],"tags":[345,75,1296],"class_list":["post-5221","post","type-post","status-publish","format-standard","hentry","category-procura","tag-engenharia-civil","tag-estruturas","tag-tecnico-de-edificacoes"],"_links":{"self":[{"href":"https:\/\/www.engenhariacivil.com\/emprego\/wp-json\/wp\/v2\/posts\/5221","targetHints":{"allow":["GET"]}}],"collection":[{"href":"https:\/\/www.engenhariacivil.com\/emprego\/wp-json\/wp\/v2\/posts"}],"about":[{"href":"https:\/\/www.engenhariacivil.com\/emprego\/wp-json\/wp\/v2\/types\/post"}],"author":[{"embeddable":true,"href":"https:\/\/www.engenhariacivil.com\/emprego\/wp-json\/wp\/v2\/users\/1"}],"replies":[{"embeddable":true,"href":"https:\/\/www.engenhariacivil.com\/emprego\/wp-json\/wp\/v2\/comments?post=5221"}],"version-history":[{"count":1,"href":"https:\/\/www.engenhariacivil.com\/emprego\/wp-json\/wp\/v2\/posts\/5221\/revisions"}],"predecessor-version":[{"id":5222,"href":"https:\/\/www.engenhariacivil.com\/emprego\/wp-json\/wp\/v2\/posts\/5221\/revisions\/5222"}],"wp:attachment":[{"href":"https:\/\/www.engenhariacivil.com\/emprego\/wp-json\/wp\/v2\/media?parent=5221"}],"wp:term":[{"taxonomy":"category","embeddable":true,"href":"https:\/\/www.engenhariacivil.com\/emprego\/wp-json\/wp\/v2\/categories?post=5221"},{"taxonomy":"post_tag","embeddable":true,"href":"https:\/\/www.engenhariacivil.com\/emprego\/wp-json\/wp\/v2\/tags?post=5221"}],"curies":[{"name":"wp","href":"https:\/\/api.w.org\/{rel}","templated":true}]}}