



{"id":5978,"date":"2016-02-08T14:10:14","date_gmt":"2016-02-08T14:10:14","guid":{"rendered":"http:\/\/www.engenhariacivil.com\/emprego\/?p=5978"},"modified":"2016-02-08T14:09:26","modified_gmt":"2016-02-08T14:09:26","slug":"procura-de-vaga-para-estagio","status":"publish","type":"post","link":"https:\/\/www.engenhariacivil.com\/emprego\/procura-de-vaga-para-estagio","title":{"rendered":"Procura de vaga para est\u00e1gio"},"content":{"rendered":"<p>Sou formado como t\u00e9cnico de constru\u00e7\u00e3o civil e obras p\u00fablicas e estou a procura de uma vaga para est\u00e1gio profissional no ramo de constru\u00e7\u00e3o civil e obras p\u00fablicas.<\/p>\n<p><u>Contacto:<\/u><br \/>\nAlcides Luis Machava<br \/>\nA.alcidesluis@gmail.com<\/p>\n","protected":false},"excerpt":{"rendered":"<p>Sou formado como t\u00e9cnico de constru\u00e7\u00e3o civil e obras p\u00fablicas e estou a procura de uma vaga para est\u00e1gio profissional no ramo de constru\u00e7\u00e3o civil e obras p\u00fablicas. Contacto: Alcides Luis Machava A.alcidesluis@gmail.com<\/p>\n","protected":false},"author":1,"featured_media":0,"comment_status":"open","ping_status":"open","sticky":false,"template":"","format":"standard","meta":{"footnotes":""},"categories":[5],"tags":[91,74,70],"class_list":["post-5978","post","type-post","status-publish","format-standard","hentry","category-procura","tag-construcao-civil","tag-estagio-profissional","tag-obras-publicas"],"_links":{"self":[{"href":"https:\/\/www.engenhariacivil.com\/emprego\/wp-json\/wp\/v2\/posts\/5978","targetHints":{"allow":["GET"]}}],"collection":[{"href":"https:\/\/www.engenhariacivil.com\/emprego\/wp-json\/wp\/v2\/posts"}],"about":[{"href":"https:\/\/www.engenhariacivil.com\/emprego\/wp-json\/wp\/v2\/types\/post"}],"author":[{"embeddable":true,"href":"https:\/\/www.engenhariacivil.com\/emprego\/wp-json\/wp\/v2\/users\/1"}],"replies":[{"embeddable":true,"href":"https:\/\/www.engenhariacivil.com\/emprego\/wp-json\/wp\/v2\/comments?post=5978"}],"version-history":[{"count":1,"href":"https:\/\/www.engenhariacivil.com\/emprego\/wp-json\/wp\/v2\/posts\/5978\/revisions"}],"predecessor-version":[{"id":5979,"href":"https:\/\/www.engenhariacivil.com\/emprego\/wp-json\/wp\/v2\/posts\/5978\/revisions\/5979"}],"wp:attachment":[{"href":"https:\/\/www.engenhariacivil.com\/emprego\/wp-json\/wp\/v2\/media?parent=5978"}],"wp:term":[{"taxonomy":"category","embeddable":true,"href":"https:\/\/www.engenhariacivil.com\/emprego\/wp-json\/wp\/v2\/categories?post=5978"},{"taxonomy":"post_tag","embeddable":true,"href":"https:\/\/www.engenhariacivil.com\/emprego\/wp-json\/wp\/v2\/tags?post=5978"}],"curies":[{"name":"wp","href":"https:\/\/api.w.org\/{rel}","templated":true}]}}