



{"id":8006,"date":"2020-03-05T13:24:43","date_gmt":"2020-03-05T13:24:43","guid":{"rendered":"https:\/\/www.engenhariacivil.com\/emprego\/?p=8006"},"modified":"2020-03-05T13:24:43","modified_gmt":"2020-03-05T13:24:43","slug":"engenheiro-civil-81","status":"publish","type":"post","link":"https:\/\/www.engenhariacivil.com\/emprego\/engenheiro-civil-81","title":{"rendered":"Engenheiro Civil"},"content":{"rendered":"<p>Sou Engenheiro Civil, formado em 2015 pela Universidade Nove de Julho.<br \/>\nEstou em busca de uma recoloca\u00e7\u00e3o na \u00e1rea da constru\u00e7\u00e3o civil, visando agregar no crescimento da organiza\u00e7\u00e3o e no meu profissional.<br \/>\nMe considero um profissional pr\u00f3 ativo, din\u00e2mico, respons\u00e1vel, flex\u00edvel, possuo facilidade no trabalho em equipe e boa adaptabilidade.<br \/>\nTenho experi\u00eancia em acompanhamento e planejamento de obra e auditorias, suporte ao engenheiro, treinamento de funcion\u00e1rios, participa\u00e7\u00f5es em reuni\u00f5es de planejamento e qualidade, preenchimento de \u201ccheck-list\u201d e fichas de execu\u00e7\u00e3o de servi\u00e7o de obra, levantamento de material, intermedia\u00e7\u00e3o com fornecedores, medi\u00e7\u00e3o de empreiteiros, elabora\u00e7\u00e3o de planilhas, relat\u00f3rios e entrega dos apartamentos aos propriet\u00e1rios com o objetivo de estarem conforme as normas exigidas.<\/p>\n<br \/>\n<a href=\"https:\/\/www.engenhariacivil.com\/emprego\/index.php?gf-download=2020%2F03%2FCurr%C3%ADculo-Tiago-Rubio_2020.pdf&amp;form-id=3&amp;field-id=24&amp;hash=3230331f6dfb4ddee9a4b8de0fa97109814d1eafa8d3f44eea5c3d8a21a3e77b\" target=\"_blank\" rel=\"noopener noreferrer\">CV Tiago Rubio<\/a><br \/>\n\n<p><u>Contacto:<\/u><br \/>\nTiago Rubio<br \/>\nEmail: rubio.tiago@hotmail.com<br \/>\nTel: 11964463752<\/p>\n","protected":false},"excerpt":{"rendered":"<p>Sou Engenheiro Civil, formado em 2015 pela Universidade Nove de Julho. Estou em busca de uma recoloca\u00e7\u00e3o na \u00e1rea da constru\u00e7\u00e3o civil, visando agregar no crescimento da organiza\u00e7\u00e3o e no meu profissional. Me considero um profissional pr\u00f3 ativo, din\u00e2mico, respons\u00e1vel, flex\u00edvel, possuo facilidade no trabalho em equipe e boa adaptabilidade. Tenho experi\u00eancia em acompanhamento e [&hellip;]<\/p>\n","protected":false},"author":1,"featured_media":0,"comment_status":"open","ping_status":"open","sticky":false,"template":"","format":"standard","meta":{"footnotes":""},"categories":[5],"tags":[],"class_list":["post-8006","post","type-post","status-publish","format-standard","hentry","category-procura"],"_links":{"self":[{"href":"https:\/\/www.engenhariacivil.com\/emprego\/wp-json\/wp\/v2\/posts\/8006","targetHints":{"allow":["GET"]}}],"collection":[{"href":"https:\/\/www.engenhariacivil.com\/emprego\/wp-json\/wp\/v2\/posts"}],"about":[{"href":"https:\/\/www.engenhariacivil.com\/emprego\/wp-json\/wp\/v2\/types\/post"}],"author":[{"embeddable":true,"href":"https:\/\/www.engenhariacivil.com\/emprego\/wp-json\/wp\/v2\/users\/1"}],"replies":[{"embeddable":true,"href":"https:\/\/www.engenhariacivil.com\/emprego\/wp-json\/wp\/v2\/comments?post=8006"}],"version-history":[{"count":2,"href":"https:\/\/www.engenhariacivil.com\/emprego\/wp-json\/wp\/v2\/posts\/8006\/revisions"}],"predecessor-version":[{"id":8008,"href":"https:\/\/www.engenhariacivil.com\/emprego\/wp-json\/wp\/v2\/posts\/8006\/revisions\/8008"}],"wp:attachment":[{"href":"https:\/\/www.engenhariacivil.com\/emprego\/wp-json\/wp\/v2\/media?parent=8006"}],"wp:term":[{"taxonomy":"category","embeddable":true,"href":"https:\/\/www.engenhariacivil.com\/emprego\/wp-json\/wp\/v2\/categories?post=8006"},{"taxonomy":"post_tag","embeddable":true,"href":"https:\/\/www.engenhariacivil.com\/emprego\/wp-json\/wp\/v2\/tags?post=8006"}],"curies":[{"name":"wp","href":"https:\/\/api.w.org\/{rel}","templated":true}]}}