


{"id":352,"date":"2018-04-22T20:32:17","date_gmt":"2018-04-22T20:32:17","guid":{"rendered":"https:\/\/www.engenhariacivil.com\/pro\/?p=352"},"modified":"2018-04-22T20:32:17","modified_gmt":"2018-04-22T20:32:17","slug":"cbre-celebra-a-hora-do-planeta-e-desliga-a-luz-em-mais-de-200-mil-metros-quadrados","status":"publish","type":"post","link":"https:\/\/www.engenhariacivil.com\/pro\/cbre-celebra-a-hora-do-planeta-e-desliga-a-luz-em-mais-de-200-mil-metros-quadrados-20180422203217352","title":{"rendered":"CBRE Celebra a Hora do Planeta e Desliga a Luz em Mais de 200 Mil Metros Quadrados"},"content":{"rendered":"<p>A CBRE, consultora imobili\u00e1ria l\u00edder a n\u00edvel mundial, vai assinalar a Hora do Planeta 2018 com uma a\u00e7\u00e3o global que envolve os centros comerciais, escrit\u00f3rios geridos pela multinacional, bem como os escrit\u00f3rios da CBRE em Lisboa e no Porto, desligando a luz em mais de 200 mil m<sup>2<\/sup>, s\u00f3 em Portugal.<\/p>\n<p>&nbsp;<\/p>\n<p>No pr\u00f3ximo dia 24 de mar\u00e7o, todas as luzes n\u00e3o essenciais de centros comerciais e escrit\u00f3rios sob gest\u00e3o v\u00e3o ser apagadas entre as 20h30 e as 21h30, garantindo por\u00e9m que todos os servi\u00e7os m\u00ednimos s\u00e3o cumpridos e que os espa\u00e7os comuns, os escrit\u00f3rios e as lojas funcionam na sua normalidade. Com esta iniciativa que engloba mais de 10 ativos em territ\u00f3rio nacional, pretende-se inspirar e sensibilizar empresas, pessoas e comunidades a apagar todas as suas luzes, contribuindo desta maneira para a redu\u00e7\u00e3o da pegada ecol\u00f3gica.<\/p>\n<p>&nbsp;<\/p>\n<p>O Alameda Shop&amp;Spot, no Porto, o Alma Shopping em Coimbra, o Forum Aveiro, o TorreShopping em Torres Novas e o Nosso Shopping, em Vila Real, s\u00e3o alguns dos centros comerciais geridos e comercializados pela consultora que v\u00e3o aderir a esta iniciativa. Em mat\u00e9ria de escrit\u00f3rios, a a\u00e7\u00e3o vai decorrer nos edif\u00edcios Torre Oriente, Arquiparque (IV e V), Neopark, Central Office e D. Joao II.<\/p>\n<p>&nbsp;<\/p>\n<p><strong>Lu\u00eds Teodoro<\/strong>, <strong>Diretor do Departamento de Gest\u00e3o de Ativos Imobili\u00e1rios da CBRE<\/strong>, comenta que \u201ceste ato simb\u00f3lico da CBRE \u00e9 uma maneira de alertar todos os cidad\u00e3os para este tema, bem como as nossas pr\u00f3prias equipas. Somos uma empresa que tem contribu\u00eddo para diminuir a sua pegada ambiental nos edif\u00edcios que gerimos e onde a sensibiliza\u00e7\u00e3o para estas tem\u00e1ticas nunca \u00e9 de mais\u201d.<\/p>\n<p>&nbsp;<\/p>\n<p>A Hora do Planeta \u00e9 uma iniciativa que come\u00e7ou em 2007, em Sidney, na Austr\u00e1lia. Em 2017, a iniciativa promovida pela World Wide Fund for Nature (WWF) chegou a cerca de 140 munic\u00edpios em Portugal e a mais de 9.000 cidades e vilas a n\u00edvel mundial. Edif\u00edcios emblem\u00e1ticos do nosso Pa\u00eds, como a Ponte 25 de Abril, o Cristo Rei ou o Mosteiro dos Jer\u00f3nimos apagaram as suas luzes em prol da redu\u00e7\u00e3o da pegada ambiental mundialmente.<\/p>\n","protected":false},"excerpt":{"rendered":"<p>A CBRE, consultora imobili\u00e1ria l\u00edder a n\u00edvel mundial, vai assinalar a Hora do Planeta 2018 com uma a\u00e7\u00e3o global que envolve os centros comerciais, escrit\u00f3rios geridos pela multinacional, bem como os escrit\u00f3rios da CBRE em Lisboa e no Porto, desligando a luz em mais de 200 mil m2, s\u00f3 em Portugal. &nbsp; No pr\u00f3ximo dia [&hellip;]<\/p>\n","protected":false},"author":1,"featured_media":0,"comment_status":"open","ping_status":"open","sticky":false,"template":"","format":"standard","meta":{"footnotes":""},"categories":[5],"tags":[],"class_list":["post-352","post","type-post","status-publish","format-standard","hentry","category-noticias"],"_links":{"self":[{"href":"https:\/\/www.engenhariacivil.com\/pro\/wp-json\/wp\/v2\/posts\/352","targetHints":{"allow":["GET"]}}],"collection":[{"href":"https:\/\/www.engenhariacivil.com\/pro\/wp-json\/wp\/v2\/posts"}],"about":[{"href":"https:\/\/www.engenhariacivil.com\/pro\/wp-json\/wp\/v2\/types\/post"}],"author":[{"embeddable":true,"href":"https:\/\/www.engenhariacivil.com\/pro\/wp-json\/wp\/v2\/users\/1"}],"replies":[{"embeddable":true,"href":"https:\/\/www.engenhariacivil.com\/pro\/wp-json\/wp\/v2\/comments?post=352"}],"version-history":[{"count":1,"href":"https:\/\/www.engenhariacivil.com\/pro\/wp-json\/wp\/v2\/posts\/352\/revisions"}],"predecessor-version":[{"id":353,"href":"https:\/\/www.engenhariacivil.com\/pro\/wp-json\/wp\/v2\/posts\/352\/revisions\/353"}],"wp:attachment":[{"href":"https:\/\/www.engenhariacivil.com\/pro\/wp-json\/wp\/v2\/media?parent=352"}],"wp:term":[{"taxonomy":"category","embeddable":true,"href":"https:\/\/www.engenhariacivil.com\/pro\/wp-json\/wp\/v2\/categories?post=352"},{"taxonomy":"post_tag","embeddable":true,"href":"https:\/\/www.engenhariacivil.com\/pro\/wp-json\/wp\/v2\/tags?post=352"}],"curies":[{"name":"wp","href":"https:\/\/api.w.org\/{rel}","templated":true}]}}